{"id":3951,"date":"2026-04-29T18:48:07","date_gmt":"2026-04-29T16:48:07","guid":{"rendered":"https:\/\/leprouvette.com\/?p=3951"},"modified":"2026-04-29T18:59:36","modified_gmt":"2026-04-29T16:59:36","slug":"jeu-14-mai-20h-23h-jeudis-trad-fest-noz-de-duos-en-ouverture-de-la-fete-de-la-bretagne-du-pays-de-dinan","status":"publish","type":"post","link":"https:\/\/leprouvette.com\/index.php\/2026\/04\/29\/jeu-14-mai-20h-23h-jeudis-trad-fest-noz-de-duos-en-ouverture-de-la-fete-de-la-bretagne-du-pays-de-dinan\/","title":{"rendered":"JEU. 14 MAI \u2022 20h &#8211; 23h &#8211; Jeudis Trad&rsquo; :  Fest Noz de duos en ouverture de la f\u00eate de la Bretagne du Pays de Dinan"},"content":{"rendered":"\n<p>______________________________________<br>\ud83d\udcc5 Jeudi 14 mai<br>\ud83d\udd57 20h \u2192 23h<br>\ud83c\udf9f\ufe0f Prix libre<br>\ud83d\udd25 Bar (\u00e0 partir de 17h) et petite restauration (\u00e0 partir de 19h &#8211; menu adapt\u00e9 \u00e0 la soir\u00e9e)<br><\/p>\n\n\n\n<p>Pour renouer avec les traditions du Fest-Noz : duos de musicien\u00b7nes et chanteur\u00b7euses pour accompagner le public dans les danses bretonnes. Avec : <br>&#8211; <strong>Basl\u00e9\/Morel<\/strong>, (<a href=\"https:\/\/tamm-kreiz.bzh\/personne\/3460\/Pascal+BASLE\">Pascal\u00a0BASLE<\/a>\u00a0\/\u00a0Chant,\u00a0Chant Haute Bretagne &amp; <a href=\"https:\/\/tamm-kreiz.bzh\/personne\/3459\/Vincent+MOREL\">Vincent\u00a0MOREL<\/a>\u00a0\/\u00a0Chant,\u00a0Chant Haute Bretagne)<br>&#8211; <strong>Les C Son &lsquo;Neizh<\/strong> (<a href=\"https:\/\/tamm-kreiz.bzh\/personne\/21219\/Marie-C%C3%A9cile+CALMELET\"> Marie-C\u00e9cile\u00a0CALMELET<\/a>\u00a0\/\u00a0Accord\u00e9on diatonique,\u00a0Chant &amp; <a href=\"https:\/\/tamm-kreiz.bzh\/personne\/16752\/H%C3%A9l%C3%A8ne+LORANT\">H\u00e9l\u00e8ne\u00a0LORANT<\/a>\u00a0\/\u00a0Accord\u00e9on diatonique,\u00a0Chant<em> <\/em>)<br>&#8211; <strong>Morini\u00e8re\/Gor\u00e9<\/strong>, (<a href=\"https:\/\/tamm-kreiz.bzh\/personne\/10778\/Nicolas+GORE\">Nicolas\u00a0GORE<\/a>\u00a0\/\u00a0Accord\u00e9on diatonique &amp; <a href=\"https:\/\/tamm-kreiz.bzh\/personne\/22753\/Cl%C3%A9mence+MORINIERE\">Cl\u00e9mence\u00a0MORINIERE<\/a>\u00a0\/\u00a0Bombarde\u00a0,\u00a0\u00a0Saxophone) <br>&#8211; <strong>Pestel\/Hogue<\/strong> (<a href=\"https:\/\/tamm-kreiz.bzh\/personne\/10658\/Robert+HOGUE\">Robert\u00a0HOGUE<\/a>\u00a0\/\u00a0Biniou &amp; <a href=\"https:\/\/tamm-kreiz.bzh\/personne\/11945\/Fred%C3%A9ric+PESTEL\">Fred\u00e9ric\u00a0PESTEL<\/a>\u00a0\/\u00a0Bombarde)<br>&#8211; <strong>Guitton\/Lemoine<\/strong> (<a href=\"https:\/\/tamm-kreiz.bzh\/personne\/3134\/Mathieu+GUITTON\">Mathieu\u00a0GUITTON<\/a>\u00a0\/\u00a0Harmonica,\u00a0Violon &amp; <a href=\"https:\/\/tamm-kreiz.bzh\/personne\/14419\/Jeanne+LEMOINE\">Jeanne\u00a0LEMOINE<\/a>\u00a0\/\u00a0Accord\u00e9on diatonique)<br>&#8211; <strong>Jouan-Roussel<\/strong> (<a href=\"https:\/\/tamm-kreiz.bzh\/personne\/22119\/Julien+JOUAN\">Julien\u00a0JOUAN<\/a>\u00a0\/\u00a0Accord\u00e9on diatonique &amp; <a href=\"https:\/\/tamm-kreiz.bzh\/personne\/20519\/Marie-Annick+ROUSSEL\">Marie-Annick\u00a0ROUSSEL<\/a>\u00a0\/\u00a0Chant) <br>_ <strong>Pestel\/Landin<\/strong> ( <a href=\"https:\/\/tamm-kreiz.bzh\/personne\/20448\/William+LANDIN\">William\u00a0LANDIN<\/a>\u00a0\/\u00a0Chant\u00a0&amp; <a href=\"https:\/\/tamm-kreiz.bzh\/personne\/11945\/Fred%C3%A9ric+PESTEL\">Fred\u00e9ric\u00a0PESTEL<\/a>\u00a0\/\u00a0Chant) <br>&#8211; <strong>Herve Vincent\/Herve Shanice<\/strong>.\u00a0<\/p>\n\n\n\n<p><br><strong><em>En ouverture de la F\u00eate de la Bretagne de Dinan<\/em><\/strong>, org. par Chantous et sonnous du Pays de Poudouvre <\/p>\n","protected":false},"excerpt":{"rendered":"<p>Fest Noz de duos <\/p>\n","protected":false},"author":20,"featured_media":3884,"comment_status":"open","ping_status":"open","sticky":false,"template":"","format":"standard","meta":{"_acf_changed":false,"_eb_attr":"","_jetpack_memberships_contains_paid_content":false,"footnotes":""},"categories":[14,16,6],"tags":[11,38,51],"class_list":["post-3951","post","type-post","status-publish","format-standard","has-post-thumbnail","hentry","category-actualites","category-concert","category-evenements","tag-danse","tag-jeudi-trad","tag-musique"],"acf":[],"jetpack_featured_media_url":"https:\/\/leprouvette.com\/wp-content\/uploads\/2026\/04\/26-05-14-JEUDI-TRAD-EVENEMENT-FB-SITE-FEST-NOZ-.png","jetpack_sharing_enabled":true,"_links":{"self":[{"href":"https:\/\/leprouvette.com\/index.php\/wp-json\/wp\/v2\/posts\/3951","targetHints":{"allow":["GET"]}}],"collection":[{"href":"https:\/\/leprouvette.com\/index.php\/wp-json\/wp\/v2\/posts"}],"about":[{"href":"https:\/\/leprouvette.com\/index.php\/wp-json\/wp\/v2\/types\/post"}],"author":[{"embeddable":true,"href":"https:\/\/leprouvette.com\/index.php\/wp-json\/wp\/v2\/users\/20"}],"replies":[{"embeddable":true,"href":"https:\/\/leprouvette.com\/index.php\/wp-json\/wp\/v2\/comments?post=3951"}],"version-history":[{"count":1,"href":"https:\/\/leprouvette.com\/index.php\/wp-json\/wp\/v2\/posts\/3951\/revisions"}],"predecessor-version":[{"id":3952,"href":"https:\/\/leprouvette.com\/index.php\/wp-json\/wp\/v2\/posts\/3951\/revisions\/3952"}],"wp:featuredmedia":[{"embeddable":true,"href":"https:\/\/leprouvette.com\/index.php\/wp-json\/wp\/v2\/media\/3884"}],"wp:attachment":[{"href":"https:\/\/leprouvette.com\/index.php\/wp-json\/wp\/v2\/media?parent=3951"}],"wp:term":[{"taxonomy":"category","embeddable":true,"href":"https:\/\/leprouvette.com\/index.php\/wp-json\/wp\/v2\/categories?post=3951"},{"taxonomy":"post_tag","embeddable":true,"href":"https:\/\/leprouvette.com\/index.php\/wp-json\/wp\/v2\/tags?post=3951"}],"curies":[{"name":"wp","href":"https:\/\/api.w.org\/{rel}","templated":true}]}}