{"id":3802,"date":"2026-03-09T15:45:13","date_gmt":"2026-03-09T14:45:13","guid":{"rendered":"https:\/\/leprouvette.com\/?p=3802"},"modified":"2026-04-01T16:53:15","modified_gmt":"2026-04-01T14:53:15","slug":"jeu-26-mars-20h-23h-jeudis-trad-session-chantee-des-balkans-avec-la-tete-a-lest","status":"publish","type":"post","link":"https:\/\/leprouvette.com\/index.php\/2026\/03\/09\/jeu-26-mars-20h-23h-jeudis-trad-session-chantee-des-balkans-avec-la-tete-a-lest\/","title":{"rendered":"JEU. 26 MARS \u2022 20h &#8211; 23h &#8211; Jeudis Trad&rsquo; : Session chant\u00e9e des Balkans"},"content":{"rendered":"\n<p>______________________________________<br>\ud83d\udcc5 Date : Jeudi 26 mars<br>\ud83d\udd57 Horaire : 20h \u2192 23h<br>\ud83c\udf9f\ufe0f Prix : Prix libre<br>\ud83d\udd25 Bar (\u00e0 partir de 17h) et petite restauration (\u00e0 partir de 19h &#8211; menu adapt\u00e9 \u00e0 la soir\u00e9e)<br>\ud83c\udfb6 Danse, chants, bal, sc\u00e8ne ouverte. <br>______________________________________<\/p>\n\n\n\n<p>Depuis 2009, le collectif associatif rennais <a href=\"https:\/\/latetealest.wixsite.com\/latetealest\/blank-1\" target=\"_blank\" rel=\"noreferrer noopener\"><strong>La T\u00eate \u00e0 l\u2019Est<\/strong><\/a> fait se rencontrer musiciens, danseur\u00b7ses et publics autour des musiques traditionnelles d\u2019Europe de l\u2019Est, dans un esprit de partage et de transmission.<\/p>\n\n\n\n<p><img loading=\"lazy\" decoding=\"async\" height=\"16\" width=\"16\" alt=\"\ud83c\udfa4\" src=\"https:\/\/static.xx.fbcdn.net\/images\/emoji.php\/v9\/t1d\/2\/16\/1f3a4.png\">&nbsp;Chanter, jouer, participer !<br>Des carnets de chant seront \u00e0 votre disposition : venez avec vos voix et\/ou vos instruments pour chanter et jouer ensemble !<\/p>\n\n\n\n<figure class=\"wp-block-embed aligncenter is-type-video is-provider-youtube wp-block-embed-youtube wp-embed-aspect-16-9 wp-has-aspect-ratio\"><div class=\"wp-block-embed__wrapper\">\n<iframe loading=\"lazy\" title=\"La T\u00eate \u00e0 l&#039;Est\" width=\"500\" height=\"281\" src=\"https:\/\/www.youtube.com\/embed\/_b1MDflZ_fM?start=9&#038;feature=oembed\" frameborder=\"0\" allow=\"accelerometer; autoplay; clipboard-write; encrypted-media; gyroscope; picture-in-picture; web-share\" referrerpolicy=\"strict-origin-when-cross-origin\" allowfullscreen><\/iframe>\n<\/div><figcaption class=\"wp-element-caption\">T\u00eate \u00e0 l&rsquo;Est \u00e0 la Basse Cour (Rennes) &#8211; 2025 &#8211; \u00a9Les ami\u00b7es de la Basse Cour Rennes<\/figcaption><\/figure>\n\n\n\n<p><img loading=\"lazy\" decoding=\"async\" height=\"16\" width=\"16\" alt=\"\ud83c\udf7d\" src=\"https:\/\/static.xx.fbcdn.net\/images\/emoji.php\/v9\/t37\/2\/16\/1f37d.png\">&nbsp;Infos pratiques<br>\u2013 Bar ouvert d\u00e8s 17h<br>\u2013 Restauration sur place d\u00e8s 19h<\/p>\n\n\n\n<p><img loading=\"lazy\" decoding=\"async\" height=\"16\" width=\"16\" alt=\"\u2728\" src=\"https:\/\/static.xx.fbcdn.net\/images\/emoji.php\/v9\/t75\/2\/16\/2728.png\">&nbsp;Les jeudis \u00e0 l\u2019\u00c9prouvette sont plac\u00e9s sous le signe des musiques et danses traditionnelles et folkloriques, d\u2019ici ou d\u2019ailleurs.<\/p>\n","protected":false},"excerpt":{"rendered":"<p>Depuis 2009, le collectif associatif rennais La T\u00eate \u00e0 l\u2019Est fait se rencontrer musiciens, danseur\u00b7ses et publics autour des musiques traditionnelles d\u2019Europe de l\u2019Est.<\/p>\n","protected":false},"author":4,"featured_media":3804,"comment_status":"open","ping_status":"open","sticky":false,"template":"","format":"standard","meta":{"_acf_changed":false,"_eb_attr":"","_jetpack_memberships_contains_paid_content":false,"footnotes":""},"categories":[49],"tags":[7,38],"class_list":["post-3802","post","type-post","status-publish","format-standard","has-post-thumbnail","hentry","category-archives","tag-concert","tag-jeudi-trad"],"acf":[],"jetpack_featured_media_url":"https:\/\/leprouvette.com\/wp-content\/uploads\/2026\/03\/26-03-26-JEUDIS-TRAD-BALKANS.jpg","jetpack_sharing_enabled":true,"_links":{"self":[{"href":"https:\/\/leprouvette.com\/index.php\/wp-json\/wp\/v2\/posts\/3802","targetHints":{"allow":["GET"]}}],"collection":[{"href":"https:\/\/leprouvette.com\/index.php\/wp-json\/wp\/v2\/posts"}],"about":[{"href":"https:\/\/leprouvette.com\/index.php\/wp-json\/wp\/v2\/types\/post"}],"author":[{"embeddable":true,"href":"https:\/\/leprouvette.com\/index.php\/wp-json\/wp\/v2\/users\/4"}],"replies":[{"embeddable":true,"href":"https:\/\/leprouvette.com\/index.php\/wp-json\/wp\/v2\/comments?post=3802"}],"version-history":[{"count":2,"href":"https:\/\/leprouvette.com\/index.php\/wp-json\/wp\/v2\/posts\/3802\/revisions"}],"predecessor-version":[{"id":3840,"href":"https:\/\/leprouvette.com\/index.php\/wp-json\/wp\/v2\/posts\/3802\/revisions\/3840"}],"wp:featuredmedia":[{"embeddable":true,"href":"https:\/\/leprouvette.com\/index.php\/wp-json\/wp\/v2\/media\/3804"}],"wp:attachment":[{"href":"https:\/\/leprouvette.com\/index.php\/wp-json\/wp\/v2\/media?parent=3802"}],"wp:term":[{"taxonomy":"category","embeddable":true,"href":"https:\/\/leprouvette.com\/index.php\/wp-json\/wp\/v2\/categories?post=3802"},{"taxonomy":"post_tag","embeddable":true,"href":"https:\/\/leprouvette.com\/index.php\/wp-json\/wp\/v2\/tags?post=3802"}],"curies":[{"name":"wp","href":"https:\/\/api.w.org\/{rel}","templated":true}]}}