{"id":3190,"date":"2025-08-25T16:25:56","date_gmt":"2025-08-25T14:25:56","guid":{"rendered":"https:\/\/leprouvette.com\/?p=3190"},"modified":"2025-09-23T10:18:02","modified_gmt":"2025-09-23T08:18:02","slug":"sam-13-sept-17h-00h-fete-de-reouverture-sous-le-signe-des-balkans","status":"publish","type":"post","link":"https:\/\/leprouvette.com\/index.php\/2025\/08\/25\/sam-13-sept-17h-00h-fete-de-reouverture-sous-le-signe-des-balkans\/","title":{"rendered":"SAM. 13 SEPT, 17h-00h \u2022 F\u00caTE DE REOUVERTURE SOUS LE SIGNE DES BALKANS !"},"content":{"rendered":"\n<p>Apr\u00e8s 9 mois de travaux, l&rsquo;Eprouvette a le plaisir de vous accueillir dans un lieu tout beau tout neuf !<br>Pour l&rsquo;occasion, on fait la f\u00eate !<br>\ud835\uddd4\ud835\ude02 \ud835\uddfd\ud835\uddff\ud835\uddfc\ud835\uddf4\ud835\uddff\ud835\uddee\ud835\uddfa\ud835\uddfa\ud835\uddf2 :<br><img loading=\"lazy\" decoding=\"async\" height=\"16\" width=\"16\" src=\"https:\/\/static.xx.fbcdn.net\/images\/emoji.php\/v9\/t31\/2\/16\/2702.png\" alt=\"\u2702\ufe0f\">\u00a0\ud835\udfed\ud835\udff3\ud835\uddf5 : Visite des lieux <br><img loading=\"lazy\" decoding=\"async\" height=\"16\" width=\"16\" src=\"https:\/\/static.xx.fbcdn.net\/images\/emoji.php\/v9\/t7d\/2\/16\/1f4f8.png\" alt=\"\ud83d\udcf8\">\u00a0\ud835\udfed\ud835\udff4\ud835\uddf5\ud835\udfef\ud835\udfec : Vernissage de l&rsquo;exposition photographique de Marine Yvonnet : portraits de nos producteurs et productrices du territoire.<br><img loading=\"lazy\" decoding=\"async\" height=\"16\" width=\"16\" src=\"https:\/\/static.xx.fbcdn.net\/images\/emoji.php\/v9\/t66\/2\/16\/1f483.png\" alt=\"\ud83d\udc83\">\u00a0\ud835\udfee\ud835\udfec\ud835\uddf5 : Place \u00e0 F\u00eate au Village ! Le collectif des balkans qui regroupe quatre groupes orchestraux, chorales, compagnie de danse autours d&rsquo;un r\u00e9pertoire de musique de l&rsquo;Est de l&rsquo;Europe. 80 musicien.nes, choristes, danseuses pour f\u00eater dans la joie la r\u00e9ouverture du lieu ! Dansez et chantez avec le collectif !<br>Avec : le Ciorbalkan Orchestra \/ La chorale Les Moniqu&rsquo;hard, la chorale des Ziveli et les danseuses de la compagnie Miscanthus<br><img loading=\"lazy\" decoding=\"async\" height=\"16\" width=\"16\" src=\"https:\/\/static.xx.fbcdn.net\/images\/emoji.php\/v9\/t77\/2\/16\/1f39f.png\" alt=\"\ud83c\udf9f\ufe0f\">\u00a0\ud835\uddfd\ud835\uddff\ud835\uddf6\ud835\ude05 \ud835\uddf9\ud835\uddf6\ud835\uddef\ud835\uddff\ud835\uddf2 (nous permet de participer aux paiements des artistes !)<\/p>\n\n\n\n<p>\ud835\ude3d\ud835\ude56\ud835\ude67 \ud835\ude5a\ud835\ude69 \ud835\ude67\ud835\ude5a\ud835\ude68\ud835\ude69\ud835\ude56\ud835\ude6a\ud835\ude67\ud835\ude56\ud835\ude69\ud835\ude5e\ud835\ude64\ud835\ude63 \ud835\ude68\ud835\ude6a\ud835\ude67 \ud835\ude65\ud835\ude61\ud835\ude56\ud835\ude58\ud835\ude5a. \ud835\ude4a\ud835\ude6a\ud835\ude6b\ud835\ude5a\ud835\ude67\ud835\ude69\ud835\ude6a\ud835\ude67\ud835\ude5a \ud835\ude59\ud835\ude6a \ud835\ude61\ud835\ude5e\ud835\ude5a\ud835\ude6a 17\ud835\ude5d<br>\ud835\ude6c\ud835\ude6c\ud835\ude6c.\ud835\ude61\ud835\ude5a\ud835\ude65\ud835\ude67\ud835\ude64\ud835\ude6a\ud835\ude6b\ud835\ude5a\ud835\ude69\ud835\ude69\ud835\ude5a.\ud835\ude58\ud835\ude64\ud835\ude62<\/p>\n","protected":false},"excerpt":{"rendered":"<p>Apr\u00e8s 9 mois de travaux, l&rsquo;Eprouvette a le plaisir de vous accueillir dans un lieu tout beau tout neuf !Pour l&rsquo;occasion, on fait la f\u00eate !\ud835\uddd4\ud835\ude02 \ud835\uddfd\ud835\uddff\ud835\uddfc\ud835\uddf4\ud835\uddff\ud835\uddee\ud835\uddfa\ud835\uddfa\ud835\uddf2 :\u00a0\ud835\udfed\ud835\udff3\ud835\uddf5 : Visite des lieux \u00a0\ud835\udfed\ud835\udff4\ud835\uddf5\ud835\udfef\ud835\udfec : Vernissage de l&rsquo;exposition photographique de Marine Yvonnet : portraits de nos producteurs et productrices du territoire.\u00a0\ud835\udfee\ud835\udfec\ud835\uddf5 : Place \u00e0 F\u00eate au Village ! Le collectif des\u2026<\/p>\n","protected":false},"author":4,"featured_media":3202,"comment_status":"open","ping_status":"open","sticky":false,"template":"","format":"standard","meta":{"_acf_changed":false,"_eb_attr":"","_jetpack_memberships_contains_paid_content":false,"footnotes":""},"categories":[1],"tags":[],"class_list":["post-3190","post","type-post","status-publish","format-standard","has-post-thumbnail","hentry","category-non-classe"],"acf":[],"jetpack_featured_media_url":"https:\/\/leprouvette.com\/wp-content\/uploads\/2025\/08\/MODELE-EVENEMENT-FB-SITE-4.png","jetpack_sharing_enabled":true,"_links":{"self":[{"href":"https:\/\/leprouvette.com\/index.php\/wp-json\/wp\/v2\/posts\/3190","targetHints":{"allow":["GET"]}}],"collection":[{"href":"https:\/\/leprouvette.com\/index.php\/wp-json\/wp\/v2\/posts"}],"about":[{"href":"https:\/\/leprouvette.com\/index.php\/wp-json\/wp\/v2\/types\/post"}],"author":[{"embeddable":true,"href":"https:\/\/leprouvette.com\/index.php\/wp-json\/wp\/v2\/users\/4"}],"replies":[{"embeddable":true,"href":"https:\/\/leprouvette.com\/index.php\/wp-json\/wp\/v2\/comments?post=3190"}],"version-history":[{"count":3,"href":"https:\/\/leprouvette.com\/index.php\/wp-json\/wp\/v2\/posts\/3190\/revisions"}],"predecessor-version":[{"id":3203,"href":"https:\/\/leprouvette.com\/index.php\/wp-json\/wp\/v2\/posts\/3190\/revisions\/3203"}],"wp:featuredmedia":[{"embeddable":true,"href":"https:\/\/leprouvette.com\/index.php\/wp-json\/wp\/v2\/media\/3202"}],"wp:attachment":[{"href":"https:\/\/leprouvette.com\/index.php\/wp-json\/wp\/v2\/media?parent=3190"}],"wp:term":[{"taxonomy":"category","embeddable":true,"href":"https:\/\/leprouvette.com\/index.php\/wp-json\/wp\/v2\/categories?post=3190"},{"taxonomy":"post_tag","embeddable":true,"href":"https:\/\/leprouvette.com\/index.php\/wp-json\/wp\/v2\/tags?post=3190"}],"curies":[{"name":"wp","href":"https:\/\/api.w.org\/{rel}","templated":true}]}}